{"id":160,"date":"2020-12-15T17:31:14","date_gmt":"2020-12-15T14:31:14","guid":{"rendered":"http:\/\/demo.safirtema.com\/koza\/?p=160"},"modified":"2024-05-05T00:37:06","modified_gmt":"2024-05-04T21:37:06","slug":"parsiyel-tasimacilik","status":"publish","type":"post","link":"https:\/\/arzumevdenevenakliyat.com.tr\/?p=160","title":{"rendered":"Par\u00e7a E\u015fya  Ta\u015f\u0131ma"},"content":{"rendered":"\n<h3 class=\"wp-block-heading\">Arzum Ta\u015f\u0131mac\u0131l\u0131k: E\u015fyalar\u0131n\u0131z\u0131 G\u00fcvenle Ta\u015f\u0131yoruz<\/h3>\n\n\n\n<p>Arzum Ta\u015f\u0131mac\u0131l\u0131k, ev ve ofis ta\u015f\u0131mac\u0131l\u0131\u011f\u0131 konusunda profesyonel ve g\u00fcvenilir hizmet sunan bir firmad\u0131r. Sundu\u011fumuz par\u00e7a e\u015fya ta\u015f\u0131ma hizmeti ile m\u00fc\u015fterilerimizin ihtiya\u00e7lar\u0131na \u00f6zel \u00e7\u00f6z\u00fcmler sunuyor ve e\u015fyalar\u0131n\u0131 g\u00fcvenle ta\u015f\u0131yoruz.<\/p>\n\n\n\n<h4 class=\"wp-block-heading\">Hizmetlerimiz<\/h4>\n\n\n\n<p><strong>1. Ev Ta\u015f\u0131mac\u0131l\u0131\u011f\u0131:<\/strong> Arzum Ta\u015f\u0131mac\u0131l\u0131k olarak evinizi ta\u015f\u0131rken her a\u015famada size destek oluyoruz. E\u015fyalar\u0131n\u0131z\u0131n paketlenmesinden ta\u015f\u0131nmas\u0131na ve yerle\u015ftirilmesine kadar olan s\u00fcre\u00e7te uzman ekibimizle h\u0131zl\u0131 ve g\u00fcvenilir bir \u015fekilde hizmet sunuyoruz.<\/p>\n\n\n\n<p><strong>2. Ofis Ta\u015f\u0131mac\u0131l\u0131\u011f\u0131:<\/strong> \u0130\u015fyerinizin ta\u015f\u0131nmas\u0131 s\u0131ras\u0131nda i\u015finizin aksamamas\u0131 i\u00e7in gerekli \u00f6zeni g\u00f6steriyoruz. Ofis mobilyalar\u0131n\u0131z\u0131, bilgisayarlar\u0131n\u0131z\u0131 ve di\u011fer ekipmanlar\u0131n\u0131z\u0131 \u00f6zenle paketleyip, ta\u015f\u0131ma i\u015flemini sorunsuz bir \u015fekilde ger\u00e7ekle\u015ftiriyoruz.<\/p>\n\n\n\n<p><strong>3. Par\u00e7a E\u015fya Ta\u015f\u0131ma:<\/strong> B\u00fcy\u00fck ta\u015f\u0131ma firmalar\u0131n\u0131n talep etti\u011fi minimum y\u00fck miktar\u0131n\u0131 g\u00f6z \u00f6n\u00fcnde bulundurarak, m\u00fc\u015fterilerimize par\u00e7a e\u015fya ta\u015f\u0131ma hizmeti sunuyoruz. Bu sayede k\u00fc\u00e7\u00fck miktarlardaki e\u015fyalar\u0131n\u0131z\u0131 da g\u00fcvenle ve ekonomik bir \u015fekilde ta\u015f\u0131yoruz.<\/p>\n\n\n\n<h4 class=\"wp-block-heading\">Neden Arzum Ta\u015f\u0131mac\u0131l\u0131k?<\/h4>\n\n\n\n<ul class=\"wp-block-list\">\n<li><strong>Profesyonel Ekip:<\/strong> Deneyimli ve e\u011fitimli personelimizle size en iyi hizmeti sunmak i\u00e7in \u00e7al\u0131\u015f\u0131yoruz.<\/li>\n\n\n\n<li><strong>G\u00fcvenilirlik:<\/strong> E\u015fyalar\u0131n\u0131z\u0131 g\u00fcvenle ta\u015f\u0131mak i\u00e7in gereken t\u00fcm \u00f6nlemleri al\u0131yor ve ta\u015f\u0131ma s\u00fcrecini titizlikle y\u00f6netiyoruz.<\/li>\n\n\n\n<li><strong>M\u00fc\u015fteri Memnuniyeti:<\/strong> M\u00fc\u015fteri memnuniyetini \u00f6n planda tutarak, ihtiya\u00e7lar\u0131n\u0131za \u00f6zel \u00e7\u00f6z\u00fcmler sunuyoruz.<\/li>\n\n\n\n<li><strong>Uygun Fiyatlar:<\/strong> Kaliteli hizmetimizi uygun fiyatlarla sunarak m\u00fc\u015fterilerimizin b\u00fct\u00e7esini koruyoruz.<\/li>\n<\/ul>\n\n\n\n<h4 class=\"wp-block-heading\">\u0130leti\u015fim<\/h4>\n\n\n\n<p>E\u015fyalar\u0131n\u0131z\u0131 g\u00fcvenle ta\u015f\u0131mak ve sorunsuz bir ta\u015f\u0131ma deneyimi ya\u015famak i\u00e7in bize ula\u015f\u0131n. Profesyonel ekibimiz size en uygun \u00e7\u00f6z\u00fcmleri sunmak i\u00e7in haz\u0131r.<\/p>\n","protected":false},"excerpt":{"rendered":"<p>Arzum Ta\u015f\u0131mac\u0131l\u0131k: E\u015fyalar\u0131n\u0131z\u0131 G\u00fcvenle Ta\u015f\u0131yoruz Arzum Ta\u015f\u0131mac\u0131l\u0131k, ev ve ofis ta\u015f\u0131mac\u0131l\u0131\u011f\u0131 konusunda profesyonel ve g\u00fcvenilir hizmet sunan bir firmad\u0131r. Sundu\u011fumuz par\u00e7a e\u015fya ta\u015f\u0131ma hizmeti ile m\u00fc\u015fterilerimizin ihtiya\u00e7lar\u0131na \u00f6zel \u00e7\u00f6z\u00fcmler sunuyor ve e\u015fyalar\u0131n\u0131 g\u00fcvenle ta\u015f\u0131yoruz. Hizmetlerimiz 1. Ev Ta\u015f\u0131mac\u0131l\u0131\u011f\u0131: Arzum Ta\u015f\u0131mac\u0131l\u0131k olarak evinizi ta\u015f\u0131rken her a\u015famada size destek oluyoruz. E\u015fyalar\u0131n\u0131z\u0131n paketlenmesinden ta\u015f\u0131nmas\u0131na ve yerle\u015ftirilmesine kadar olan [&hellip;]<\/p>\n","protected":false},"author":1,"featured_media":484,"comment_status":"open","ping_status":"open","sticky":false,"template":"","format":"standard","meta":{"footnotes":""},"categories":[5],"tags":[10,18,11],"class_list":["post-160","post","type-post","status-publish","format-standard","has-post-thumbnail","hentry","category-hizmetlerimiz","tag-hizmet","tag-parsiyel","tag-tasimacilik"],"_links":{"self":[{"href":"https:\/\/arzumevdenevenakliyat.com.tr\/index.php?rest_route=\/wp\/v2\/posts\/160","targetHints":{"allow":["GET"]}}],"collection":[{"href":"https:\/\/arzumevdenevenakliyat.com.tr\/index.php?rest_route=\/wp\/v2\/posts"}],"about":[{"href":"https:\/\/arzumevdenevenakliyat.com.tr\/index.php?rest_route=\/wp\/v2\/types\/post"}],"author":[{"embeddable":true,"href":"https:\/\/arzumevdenevenakliyat.com.tr\/index.php?rest_route=\/wp\/v2\/users\/1"}],"replies":[{"embeddable":true,"href":"https:\/\/arzumevdenevenakliyat.com.tr\/index.php?rest_route=%2Fwp%2Fv2%2Fcomments&post=160"}],"version-history":[{"count":3,"href":"https:\/\/arzumevdenevenakliyat.com.tr\/index.php?rest_route=\/wp\/v2\/posts\/160\/revisions"}],"predecessor-version":[{"id":422,"href":"https:\/\/arzumevdenevenakliyat.com.tr\/index.php?rest_route=\/wp\/v2\/posts\/160\/revisions\/422"}],"wp:featuredmedia":[{"embeddable":true,"href":"https:\/\/arzumevdenevenakliyat.com.tr\/index.php?rest_route=\/wp\/v2\/media\/484"}],"wp:attachment":[{"href":"https:\/\/arzumevdenevenakliyat.com.tr\/index.php?rest_route=%2Fwp%2Fv2%2Fmedia&parent=160"}],"wp:term":[{"taxonomy":"category","embeddable":true,"href":"https:\/\/arzumevdenevenakliyat.com.tr\/index.php?rest_route=%2Fwp%2Fv2%2Fcategories&post=160"},{"taxonomy":"post_tag","embeddable":true,"href":"https:\/\/arzumevdenevenakliyat.com.tr\/index.php?rest_route=%2Fwp%2Fv2%2Ftags&post=160"}],"curies":[{"name":"wp","href":"https:\/\/api.w.org\/{rel}","templated":true}]}}