{"id":513,"date":"2025-03-16T16:32:40","date_gmt":"2025-03-16T13:32:40","guid":{"rendered":"https:\/\/arzumevdenevenakliyat.com.tr\/?p=513"},"modified":"2025-03-16T16:46:44","modified_gmt":"2025-03-16T13:46:44","slug":"k-v-k-k","status":"publish","type":"post","link":"https:\/\/arzumevdenevenakliyat.com.tr\/?p=513","title":{"rendered":"K.V.K.K"},"content":{"rendered":"\n<h2 class=\"wp-block-heading\">K.V.K.K<\/h2>\n\n\n\n<h3 class=\"wp-block-heading\"><\/h3>\n\n\n\n<p><strong>Arzum Evden Eve Nakliyat<\/strong>, kullan\u0131c\u0131lar\u0131n\u0131n ki\u015fisel verilerinin korunmas\u0131na \u00f6nem vermektedir. Bu metin, 6698 Say\u0131l\u0131 Ki\u015fisel Verilerin Korunmas\u0131 Kanunu (&#8220;KVKK&#8221;) kapsam\u0131nda kullan\u0131c\u0131lar\u0131m\u0131z\u0131 bilgilendirmek amac\u0131yla haz\u0131rlanm\u0131\u015ft\u0131r.<\/p>\n\n\n\n<h4 class=\"wp-block-heading\"><a><\/a><strong>1. Veri Sorumlusu<\/strong><\/h4>\n\n\n\n<p>Ki\u015fisel verileriniz,\u00a0<strong>Arzum Evden Eve Nakliyat<\/strong>\u00a0taraf\u0131ndan veri sorumlusu s\u0131fat\u0131yla i\u015flenmektedir.<\/p>\n\n\n\n<h4 class=\"wp-block-heading\"><a><\/a><strong>2. \u0130\u015flenen Ki\u015fisel Veriler<\/strong><\/h4>\n\n\n\n<p>Platform \u00fczerinden toplanabilecek ki\u015fisel veriler:<\/p>\n\n\n\n<p>\u25cf&nbsp;&nbsp;&nbsp;&nbsp;&nbsp;&nbsp;&nbsp;Ad, soyad, telefon, e-posta adresi, adres bilgileri, IP adresi, i\u015flem kay\u0131tlar\u0131,<\/p>\n\n\n\n<p>\u25cf&nbsp;&nbsp;&nbsp;&nbsp;&nbsp;&nbsp;&nbsp;Kurumsal \u00fcyeliklerde \u015firket ad\u0131, vergi numaras\u0131, yasal temsilci bilgileri ve y\u00fcklenen belgeler.<\/p>\n\n\n\n<h4 class=\"wp-block-heading\"><a><\/a><strong>3. Ki\u015fisel Verilerin \u0130\u015flenme Ama\u00e7lar\u0131<\/strong><\/h4>\n\n\n\n<p>Ki\u015fisel verileriniz:<\/p>\n\n\n\n<p>\u25cf&nbsp;&nbsp;&nbsp;&nbsp;&nbsp;&nbsp;&nbsp;Nakliyat i\u015flemlerinin ger\u00e7ekle\u015ftirilmesi, teklif s\u00fcre\u00e7lerinin y\u00f6netilmesi,<\/p>\n\n\n\n<p>\u25cf&nbsp;&nbsp;&nbsp;&nbsp;&nbsp;&nbsp;&nbsp;Hizmetlerin geli\u015ftirilmesi ve \u00f6zelle\u015ftirilmesi,<\/p>\n\n\n\n<p>\u25cf&nbsp;&nbsp;&nbsp;&nbsp;&nbsp;&nbsp;&nbsp;Hukuki y\u00fck\u00fcml\u00fcl\u00fcklerin yerine getirilmesi, doland\u0131r\u0131c\u0131l\u0131k ve k\u00f6t\u00fcye kullan\u0131m\u0131n \u00f6nlenmesi,<\/p>\n\n\n\n<p>\u25cf&nbsp;&nbsp;&nbsp;&nbsp;&nbsp;&nbsp;&nbsp;Resmi mercilerden gelen taleplere cevap verilmesi amac\u0131yla i\u015flenebilir.<\/p>\n\n\n\n<h4 class=\"wp-block-heading\"><a><\/a><strong>4. Ki\u015fisel Verilerin Aktar\u0131m\u0131<\/strong><\/h4>\n\n\n\n<p>Ki\u015fisel verileriniz yaln\u0131zca:<\/p>\n\n\n\n<p>\u25cf&nbsp;&nbsp;&nbsp;&nbsp;&nbsp;&nbsp;&nbsp;Nakliyat hizmeti sa\u011flayan kurumsal firmalar,<\/p>\n\n\n\n<p>\u25cf&nbsp;&nbsp;&nbsp;&nbsp;&nbsp;&nbsp;&nbsp;Yasal d\u00fczenlemeler kapsam\u0131nda yetkili kamu kurum ve kurulu\u015flar\u0131 ile payla\u015f\u0131labilir.<br>Ki\u015fisel verileriniz, izniniz olmaks\u0131z\u0131n \u00fc\u00e7\u00fcnc\u00fc taraflara sat\u0131lmaz veya pazarlama amac\u0131yla kullan\u0131lmaz.<\/p>\n\n\n\n<h4 class=\"wp-block-heading\"><a><\/a><strong>5. Toplama Y\u00f6ntemleri ve Hukuki Sebep<\/strong><\/h4>\n\n\n\n<p>Ki\u015fisel verileriniz, arzumevdenevenakliyat.com.tr\u00a0platformu \u00fczerinden elektronik ortamda otomatik yollarla toplan\u0131r. \u0130\u015fleme faaliyetleri, KVKK\u2019n\u0131n 5. ve 6. maddelerinde belirtilen hukuki sebeplere dayan\u0131larak ger\u00e7ekle\u015ftirilir.<\/p>\n\n\n\n<h4 class=\"wp-block-heading\"><a><\/a><strong>6. Ki\u015fisel Veri Sahibi Olarak Haklar\u0131n\u0131z<\/strong><\/h4>\n\n\n\n<p>KVKK\u2019n\u0131n 11. maddesi uyar\u0131nca ki\u015fisel veri sahipleri:<\/p>\n\n\n\n<p>\u25cf&nbsp;&nbsp;&nbsp;&nbsp;&nbsp;&nbsp;&nbsp;Ki\u015fisel verilerinin i\u015flenip i\u015flenmedi\u011fini \u00f6\u011frenme,<\/p>\n\n\n\n<p>\u25cf&nbsp;&nbsp;&nbsp;&nbsp;&nbsp;&nbsp;&nbsp;\u0130\u015flenen verilerle ilgili bilgi talep etme,<\/p>\n\n\n\n<p>\u25cf&nbsp;&nbsp;&nbsp;&nbsp;&nbsp;&nbsp;&nbsp;Eksik veya yanl\u0131\u015f i\u015flenmi\u015fse d\u00fczeltilmesini isteme,<\/p>\n\n\n\n<p>\u25cf&nbsp;&nbsp;&nbsp;&nbsp;&nbsp;&nbsp;&nbsp;\u0130\u015fleme amac\u0131n\u0131n ortadan kalkmas\u0131 durumunda silinmesini veya anonim hale getirilmesini talep etme,<\/p>\n\n\n\n<p>\u25cf&nbsp;&nbsp;&nbsp;&nbsp;&nbsp;&nbsp;&nbsp;\u0130\u015flemin kanuna ayk\u0131r\u0131 olmas\u0131 durumunda zarar\u0131n giderilmesini talep etme hakk\u0131na sahiptir.<\/p>\n\n\n\n<p>Haklar\u0131n\u0131z\u0131 kullanmak i\u00e7in\u00a0<strong>info@arzumevdenevenakliyat.com.tr<\/strong>\u00a0adresinden bizimle ileti\u015fime ge\u00e7ebilirsiniz.<\/p>\n\n\n\n<h4 class=\"wp-block-heading\"><a><\/a><strong>7. Veri G\u00fcvenli\u011fi<\/strong><\/h4>\n\n\n\n<p>Ki\u015fisel verileriniz, yetkisiz eri\u015fim, kay\u0131p, \u00e7al\u0131nma ve k\u00f6t\u00fcye kullan\u0131ma kar\u015f\u0131 \u015fifreleme ve g\u00fcvenlik duvarlar\u0131 ile korunmaktad\u0131r.<\/p>\n\n\n\n<h4 class=\"wp-block-heading\"><a><\/a><strong>8. De\u011fi\u015fiklikler<\/strong><\/h4>\n\n\n\n<p><strong>Arzum Evden Eve Nakliyat<\/strong>, bu ayd\u0131nlatma metninde de\u011fi\u015fiklik yapma hakk\u0131n\u0131 sakl\u0131 tutar. G\u00fcncellemeler, web sitemiz \u00fczerinden duyurulacakt\u0131r.<\/p>\n\n\n\n<h4 class=\"wp-block-heading\"><a><\/a><strong>\u0130leti\u015fim<\/strong><\/h4>\n\n\n\n<p>E-posta:\u00a0<strong>arzumevdenevenakliyat@gmail.com<br><\/strong><\/p>\n\n\n\n<p>Ki\u015fisel verilerinizin g\u00fcvenli\u011fi bizim i\u00e7in \u00f6nceliklidir. Bu kapsamda, platformumuzu g\u00fcvenle kullanabilirsiniz.<\/p>\n\n\n\n<p><\/p>\n","protected":false},"excerpt":{"rendered":"<p>K.V.K.K Arzum Evden Eve Nakliyat, kullan\u0131c\u0131lar\u0131n\u0131n ki\u015fisel verilerinin korunmas\u0131na \u00f6nem vermektedir. Bu metin, 6698 Say\u0131l\u0131 Ki\u015fisel Verilerin Korunmas\u0131 Kanunu (&#8220;KVKK&#8221;) kapsam\u0131nda kullan\u0131c\u0131lar\u0131m\u0131z\u0131 bilgilendirmek amac\u0131yla haz\u0131rlanm\u0131\u015ft\u0131r. 1. Veri Sorumlusu Ki\u015fisel verileriniz,\u00a0Arzum Evden Eve Nakliyat\u00a0taraf\u0131ndan veri sorumlusu s\u0131fat\u0131yla i\u015flenmektedir. 2. \u0130\u015flenen Ki\u015fisel Veriler Platform \u00fczerinden toplanabilecek ki\u015fisel veriler: \u25cf&nbsp;&nbsp;&nbsp;&nbsp;&nbsp;&nbsp;&nbsp;Ad, soyad, telefon, e-posta adresi, adres bilgileri, IP adresi, [&hellip;]<\/p>\n","protected":false},"author":1,"featured_media":0,"comment_status":"open","ping_status":"open","sticky":false,"template":"","format":"standard","meta":{"footnotes":""},"categories":[1],"tags":[],"class_list":["post-513","post","type-post","status-publish","format-standard","hentry","category-bilgilendirme"],"_links":{"self":[{"href":"https:\/\/arzumevdenevenakliyat.com.tr\/index.php?rest_route=\/wp\/v2\/posts\/513","targetHints":{"allow":["GET"]}}],"collection":[{"href":"https:\/\/arzumevdenevenakliyat.com.tr\/index.php?rest_route=\/wp\/v2\/posts"}],"about":[{"href":"https:\/\/arzumevdenevenakliyat.com.tr\/index.php?rest_route=\/wp\/v2\/types\/post"}],"author":[{"embeddable":true,"href":"https:\/\/arzumevdenevenakliyat.com.tr\/index.php?rest_route=\/wp\/v2\/users\/1"}],"replies":[{"embeddable":true,"href":"https:\/\/arzumevdenevenakliyat.com.tr\/index.php?rest_route=%2Fwp%2Fv2%2Fcomments&post=513"}],"version-history":[{"count":2,"href":"https:\/\/arzumevdenevenakliyat.com.tr\/index.php?rest_route=\/wp\/v2\/posts\/513\/revisions"}],"predecessor-version":[{"id":516,"href":"https:\/\/arzumevdenevenakliyat.com.tr\/index.php?rest_route=\/wp\/v2\/posts\/513\/revisions\/516"}],"wp:attachment":[{"href":"https:\/\/arzumevdenevenakliyat.com.tr\/index.php?rest_route=%2Fwp%2Fv2%2Fmedia&parent=513"}],"wp:term":[{"taxonomy":"category","embeddable":true,"href":"https:\/\/arzumevdenevenakliyat.com.tr\/index.php?rest_route=%2Fwp%2Fv2%2Fcategories&post=513"},{"taxonomy":"post_tag","embeddable":true,"href":"https:\/\/arzumevdenevenakliyat.com.tr\/index.php?rest_route=%2Fwp%2Fv2%2Ftags&post=513"}],"curies":[{"name":"wp","href":"https:\/\/api.w.org\/{rel}","templated":true}]}}